{"id":154,"date":"2022-06-22T19:36:16","date_gmt":"2022-06-22T17:36:16","guid":{"rendered":"https:\/\/www.visitrans.com\/?p=154"},"modified":"2022-06-24T14:10:16","modified_gmt":"2022-06-24T12:10:16","slug":"visifair-im-einsatz-fuer-die-innotrans-2022","status":"publish","type":"post","link":"https:\/\/www.visitrans.com\/en\/visifair-im-einsatz-fuer-die-innotrans-2022\/","title":{"rendered":"VisiFair in use for the InnoTrans 2022"},"content":{"rendered":"<p>InnoTrans is the leading international trade fair for transport technology. Alone 3500 running meters of track are available on the exhibition grounds to present the rail vehicles. In this environment, special attention is paid to assembly and dismantling. Many heavy transports have to enter and leave the area and the perfect management of the timeslots is accordingly important to ensure a smooth flow of the set-up and dismantling work. This is where VisiFair can fully play to its strengths and enable digital planning of the transports in advance.<\/p>","protected":false},"excerpt":{"rendered":"<p>Die InnoTrans ist die internationale Leitmesse f\u00fcr Verkehrstechnik. Alleine 3500 lfd. Meter Gleisgel\u00e4nde stehen auf dem Messegel\u00e4nde zur Verf\u00fcgung, um die Schienenfahrzeuge pr\u00e4sentieren zu k\u00f6nnen. In diesem Umfeld kommt dem Auf- und Abbau besondere Aufmerksamkeit zuteil. Viele Schwertransporte m\u00fcssen auf das Gel\u00e4nde ein- und ausfahren und entsprechend wichtig ist das perfekte Management der Timeslots, um [&hellip;]<\/p>\n","protected":false},"author":1,"featured_media":1101,"comment_status":"closed","ping_status":"closed","sticky":false,"template":"","format":"standard","meta":{"footnotes":""},"categories":[1],"tags":[],"class_list":["post-154","post","type-post","status-publish","format-standard","has-post-thumbnail","hentry","category-allgemein"],"yoast_head":"<!-- This site is optimized with the Yoast SEO plugin v27.5 - https:\/\/yoast.com\/product\/yoast-seo-wordpress\/ -->\n<title>VisiFair im Einsatz f\u00fcr die InnoTrans 2022 - www.visitrans.com<\/title>\n<meta name=\"description\" content=\"VisiFair im Einsatz f\u00fcr die InnoTrans 2022. VisiFair spielt seine St\u00e4rken aus und erm\u00f6glicht im Vorfeld eine digitale Planung der Verkehre.\" \/>\n<meta name=\"robots\" content=\"index, follow, max-snippet:-1, max-image-preview:large, max-video-preview:-1\" \/>\n<link rel=\"canonical\" href=\"https:\/\/www.visitrans.com\/en\/visifair-im-einsatz-fuer-die-innotrans-2022\/\" \/>\n<meta property=\"og:locale\" content=\"en_US\" \/>\n<meta property=\"og:type\" content=\"article\" \/>\n<meta property=\"og:title\" content=\"VisiFair im Einsatz f\u00fcr die InnoTrans 2022 - www.visitrans.com\" \/>\n<meta property=\"og:description\" content=\"VisiFair im Einsatz f\u00fcr die InnoTrans 2022. VisiFair spielt seine St\u00e4rken aus und erm\u00f6glicht im Vorfeld eine digitale Planung der Verkehre.\" \/>\n<meta property=\"og:url\" content=\"https:\/\/www.visitrans.com\/en\/visifair-im-einsatz-fuer-die-innotrans-2022\/\" \/>\n<meta property=\"og:site_name\" content=\"www.visitrans.com\" \/>\n<meta property=\"article:published_time\" content=\"2022-06-22T17:36:16+00:00\" \/>\n<meta property=\"article:modified_time\" content=\"2022-06-24T12:10:16+00:00\" \/>\n<meta property=\"og:image\" content=\"https:\/\/www.visitrans.com\/wp-content\/uploads\/2021\/05\/AdobeStock_295900594-scaled-e1655996152875.jpeg\" \/>\n\t<meta property=\"og:image:width\" content=\"2560\" \/>\n\t<meta property=\"og:image:height\" content=\"1478\" \/>\n\t<meta property=\"og:image:type\" content=\"image\/jpeg\" \/>\n<meta name=\"author\" content=\"wp-support@ims.de\" \/>\n<meta name=\"twitter:card\" content=\"summary_large_image\" \/>\n<meta name=\"twitter:label1\" content=\"Written by\" \/>\n\t<meta name=\"twitter:data1\" content=\"wp-support@ims.de\" \/>\n\t<meta name=\"twitter:label2\" content=\"Est. reading time\" \/>\n\t<meta name=\"twitter:data2\" content=\"1 minute\" \/>\n<script type=\"application\/ld+json\" class=\"yoast-schema-graph\">{\"@context\":\"https:\\\/\\\/schema.org\",\"@graph\":[{\"@type\":\"Article\",\"@id\":\"https:\\\/\\\/www.visitrans.com\\\/visifair-im-einsatz-fuer-die-innotrans-2022\\\/#article\",\"isPartOf\":{\"@id\":\"https:\\\/\\\/www.visitrans.com\\\/visifair-im-einsatz-fuer-die-innotrans-2022\\\/\"},\"author\":{\"name\":\"wp-support@ims.de\",\"@id\":\"https:\\\/\\\/www.visitrans.com\\\/#\\\/schema\\\/person\\\/352e568f92b9c3b72557180274539426\"},\"headline\":\"VisiFair im Einsatz f\u00fcr die InnoTrans 2022\",\"datePublished\":\"2022-06-22T17:36:16+00:00\",\"dateModified\":\"2022-06-24T12:10:16+00:00\",\"mainEntityOfPage\":{\"@id\":\"https:\\\/\\\/www.visitrans.com\\\/visifair-im-einsatz-fuer-die-innotrans-2022\\\/\"},\"wordCount\":97,\"publisher\":{\"@id\":\"https:\\\/\\\/www.visitrans.com\\\/#organization\"},\"image\":{\"@id\":\"https:\\\/\\\/www.visitrans.com\\\/visifair-im-einsatz-fuer-die-innotrans-2022\\\/#primaryimage\"},\"thumbnailUrl\":\"https:\\\/\\\/www.visitrans.com\\\/wp-content\\\/uploads\\\/2021\\\/05\\\/AdobeStock_295900594-scaled-e1655996152875.jpeg\",\"articleSection\":[\"Allgemein\"],\"inLanguage\":\"en-US\"},{\"@type\":\"WebPage\",\"@id\":\"https:\\\/\\\/www.visitrans.com\\\/visifair-im-einsatz-fuer-die-innotrans-2022\\\/\",\"url\":\"https:\\\/\\\/www.visitrans.com\\\/visifair-im-einsatz-fuer-die-innotrans-2022\\\/\",\"name\":\"VisiFair im Einsatz f\u00fcr die InnoTrans 2022 - www.visitrans.com\",\"isPartOf\":{\"@id\":\"https:\\\/\\\/www.visitrans.com\\\/#website\"},\"primaryImageOfPage\":{\"@id\":\"https:\\\/\\\/www.visitrans.com\\\/visifair-im-einsatz-fuer-die-innotrans-2022\\\/#primaryimage\"},\"image\":{\"@id\":\"https:\\\/\\\/www.visitrans.com\\\/visifair-im-einsatz-fuer-die-innotrans-2022\\\/#primaryimage\"},\"thumbnailUrl\":\"https:\\\/\\\/www.visitrans.com\\\/wp-content\\\/uploads\\\/2021\\\/05\\\/AdobeStock_295900594-scaled-e1655996152875.jpeg\",\"datePublished\":\"2022-06-22T17:36:16+00:00\",\"dateModified\":\"2022-06-24T12:10:16+00:00\",\"description\":\"VisiFair im Einsatz f\u00fcr die InnoTrans 2022. VisiFair spielt seine St\u00e4rken aus und erm\u00f6glicht im Vorfeld eine digitale Planung der Verkehre.\",\"breadcrumb\":{\"@id\":\"https:\\\/\\\/www.visitrans.com\\\/visifair-im-einsatz-fuer-die-innotrans-2022\\\/#breadcrumb\"},\"inLanguage\":\"en-US\",\"potentialAction\":[{\"@type\":\"ReadAction\",\"target\":[\"https:\\\/\\\/www.visitrans.com\\\/visifair-im-einsatz-fuer-die-innotrans-2022\\\/\"]}]},{\"@type\":\"ImageObject\",\"inLanguage\":\"en-US\",\"@id\":\"https:\\\/\\\/www.visitrans.com\\\/visifair-im-einsatz-fuer-die-innotrans-2022\\\/#primaryimage\",\"url\":\"https:\\\/\\\/www.visitrans.com\\\/wp-content\\\/uploads\\\/2021\\\/05\\\/AdobeStock_295900594-scaled-e1655996152875.jpeg\",\"contentUrl\":\"https:\\\/\\\/www.visitrans.com\\\/wp-content\\\/uploads\\\/2021\\\/05\\\/AdobeStock_295900594-scaled-e1655996152875.jpeg\",\"width\":2560,\"height\":1478,\"caption\":\"Electric passenger train drives at high speed among urban landscape\"},{\"@type\":\"BreadcrumbList\",\"@id\":\"https:\\\/\\\/www.visitrans.com\\\/visifair-im-einsatz-fuer-die-innotrans-2022\\\/#breadcrumb\",\"itemListElement\":[{\"@type\":\"ListItem\",\"position\":1,\"name\":\"Home\",\"item\":\"https:\\\/\\\/www.visitrans.com\\\/\"},{\"@type\":\"ListItem\",\"position\":2,\"name\":\"VisiFair im Einsatz f\u00fcr die InnoTrans 2022\"}]},{\"@type\":\"WebSite\",\"@id\":\"https:\\\/\\\/www.visitrans.com\\\/#website\",\"url\":\"https:\\\/\\\/www.visitrans.com\\\/\",\"name\":\"www.visitrans.com\",\"description\":\"The Logistics Digitizer\",\"publisher\":{\"@id\":\"https:\\\/\\\/www.visitrans.com\\\/#organization\"},\"potentialAction\":[{\"@type\":\"SearchAction\",\"target\":{\"@type\":\"EntryPoint\",\"urlTemplate\":\"https:\\\/\\\/www.visitrans.com\\\/?s={search_term_string}\"},\"query-input\":{\"@type\":\"PropertyValueSpecification\",\"valueRequired\":true,\"valueName\":\"search_term_string\"}}],\"inLanguage\":\"en-US\"},{\"@type\":\"Organization\",\"@id\":\"https:\\\/\\\/www.visitrans.com\\\/#organization\",\"name\":\"VisiFair.com\",\"url\":\"https:\\\/\\\/www.visitrans.com\\\/\",\"logo\":{\"@type\":\"ImageObject\",\"inLanguage\":\"en-US\",\"@id\":\"https:\\\/\\\/www.visitrans.com\\\/#\\\/schema\\\/logo\\\/image\\\/\",\"url\":\"https:\\\/\\\/www.visitrans.com\\\/wp-content\\\/uploads\\\/2021\\\/01\\\/cropped-visifair-logo-1.png\",\"contentUrl\":\"https:\\\/\\\/www.visitrans.com\\\/wp-content\\\/uploads\\\/2021\\\/01\\\/cropped-visifair-logo-1.png\",\"width\":458,\"height\":80,\"caption\":\"VisiFair.com\"},\"image\":{\"@id\":\"https:\\\/\\\/www.visitrans.com\\\/#\\\/schema\\\/logo\\\/image\\\/\"}},{\"@type\":\"Person\",\"@id\":\"https:\\\/\\\/www.visitrans.com\\\/#\\\/schema\\\/person\\\/352e568f92b9c3b72557180274539426\",\"name\":\"wp-support@ims.de\",\"sameAs\":[\"https:\\\/\\\/www.visitrans.com\"],\"url\":\"https:\\\/\\\/www.visitrans.com\\\/en\\\/author\\\/wp-supportims-de\\\/\"}]}<\/script>\n<!-- \/ Yoast SEO plugin. -->","yoast_head_json":{"title":"VisiFair im Einsatz f\u00fcr die InnoTrans 2022 - www.visitrans.com","description":"VisiFair im Einsatz f\u00fcr die InnoTrans 2022. VisiFair spielt seine St\u00e4rken aus und erm\u00f6glicht im Vorfeld eine digitale Planung der Verkehre.","robots":{"index":"index","follow":"follow","max-snippet":"max-snippet:-1","max-image-preview":"max-image-preview:large","max-video-preview":"max-video-preview:-1"},"canonical":"https:\/\/www.visitrans.com\/en\/visifair-im-einsatz-fuer-die-innotrans-2022\/","og_locale":"en_US","og_type":"article","og_title":"VisiFair im Einsatz f\u00fcr die InnoTrans 2022 - www.visitrans.com","og_description":"VisiFair im Einsatz f\u00fcr die InnoTrans 2022. VisiFair spielt seine St\u00e4rken aus und erm\u00f6glicht im Vorfeld eine digitale Planung der Verkehre.","og_url":"https:\/\/www.visitrans.com\/en\/visifair-im-einsatz-fuer-die-innotrans-2022\/","og_site_name":"www.visitrans.com","article_published_time":"2022-06-22T17:36:16+00:00","article_modified_time":"2022-06-24T12:10:16+00:00","og_image":[{"width":2560,"height":1478,"url":"https:\/\/www.visitrans.com\/wp-content\/uploads\/2021\/05\/AdobeStock_295900594-scaled-e1655996152875.jpeg","type":"image\/jpeg"}],"author":"wp-support@ims.de","twitter_card":"summary_large_image","twitter_misc":{"Written by":"wp-support@ims.de","Est. reading time":"1 minute"},"schema":{"@context":"https:\/\/schema.org","@graph":[{"@type":"Article","@id":"https:\/\/www.visitrans.com\/visifair-im-einsatz-fuer-die-innotrans-2022\/#article","isPartOf":{"@id":"https:\/\/www.visitrans.com\/visifair-im-einsatz-fuer-die-innotrans-2022\/"},"author":{"name":"wp-support@ims.de","@id":"https:\/\/www.visitrans.com\/#\/schema\/person\/352e568f92b9c3b72557180274539426"},"headline":"VisiFair im Einsatz f\u00fcr die InnoTrans 2022","datePublished":"2022-06-22T17:36:16+00:00","dateModified":"2022-06-24T12:10:16+00:00","mainEntityOfPage":{"@id":"https:\/\/www.visitrans.com\/visifair-im-einsatz-fuer-die-innotrans-2022\/"},"wordCount":97,"publisher":{"@id":"https:\/\/www.visitrans.com\/#organization"},"image":{"@id":"https:\/\/www.visitrans.com\/visifair-im-einsatz-fuer-die-innotrans-2022\/#primaryimage"},"thumbnailUrl":"https:\/\/www.visitrans.com\/wp-content\/uploads\/2021\/05\/AdobeStock_295900594-scaled-e1655996152875.jpeg","articleSection":["Allgemein"],"inLanguage":"en-US"},{"@type":"WebPage","@id":"https:\/\/www.visitrans.com\/visifair-im-einsatz-fuer-die-innotrans-2022\/","url":"https:\/\/www.visitrans.com\/visifair-im-einsatz-fuer-die-innotrans-2022\/","name":"VisiFair im Einsatz f\u00fcr die InnoTrans 2022 - www.visitrans.com","isPartOf":{"@id":"https:\/\/www.visitrans.com\/#website"},"primaryImageOfPage":{"@id":"https:\/\/www.visitrans.com\/visifair-im-einsatz-fuer-die-innotrans-2022\/#primaryimage"},"image":{"@id":"https:\/\/www.visitrans.com\/visifair-im-einsatz-fuer-die-innotrans-2022\/#primaryimage"},"thumbnailUrl":"https:\/\/www.visitrans.com\/wp-content\/uploads\/2021\/05\/AdobeStock_295900594-scaled-e1655996152875.jpeg","datePublished":"2022-06-22T17:36:16+00:00","dateModified":"2022-06-24T12:10:16+00:00","description":"VisiFair im Einsatz f\u00fcr die InnoTrans 2022. VisiFair spielt seine St\u00e4rken aus und erm\u00f6glicht im Vorfeld eine digitale Planung der Verkehre.","breadcrumb":{"@id":"https:\/\/www.visitrans.com\/visifair-im-einsatz-fuer-die-innotrans-2022\/#breadcrumb"},"inLanguage":"en-US","potentialAction":[{"@type":"ReadAction","target":["https:\/\/www.visitrans.com\/visifair-im-einsatz-fuer-die-innotrans-2022\/"]}]},{"@type":"ImageObject","inLanguage":"en-US","@id":"https:\/\/www.visitrans.com\/visifair-im-einsatz-fuer-die-innotrans-2022\/#primaryimage","url":"https:\/\/www.visitrans.com\/wp-content\/uploads\/2021\/05\/AdobeStock_295900594-scaled-e1655996152875.jpeg","contentUrl":"https:\/\/www.visitrans.com\/wp-content\/uploads\/2021\/05\/AdobeStock_295900594-scaled-e1655996152875.jpeg","width":2560,"height":1478,"caption":"Electric passenger train drives at high speed among urban landscape"},{"@type":"BreadcrumbList","@id":"https:\/\/www.visitrans.com\/visifair-im-einsatz-fuer-die-innotrans-2022\/#breadcrumb","itemListElement":[{"@type":"ListItem","position":1,"name":"Home","item":"https:\/\/www.visitrans.com\/"},{"@type":"ListItem","position":2,"name":"VisiFair im Einsatz f\u00fcr die InnoTrans 2022"}]},{"@type":"WebSite","@id":"https:\/\/www.visitrans.com\/#website","url":"https:\/\/www.visitrans.com\/","name":"www.visitrans.com","description":"The Logistics Digitizer","publisher":{"@id":"https:\/\/www.visitrans.com\/#organization"},"potentialAction":[{"@type":"SearchAction","target":{"@type":"EntryPoint","urlTemplate":"https:\/\/www.visitrans.com\/?s={search_term_string}"},"query-input":{"@type":"PropertyValueSpecification","valueRequired":true,"valueName":"search_term_string"}}],"inLanguage":"en-US"},{"@type":"Organization","@id":"https:\/\/www.visitrans.com\/#organization","name":"VisiFair.com","url":"https:\/\/www.visitrans.com\/","logo":{"@type":"ImageObject","inLanguage":"en-US","@id":"https:\/\/www.visitrans.com\/#\/schema\/logo\/image\/","url":"https:\/\/www.visitrans.com\/wp-content\/uploads\/2021\/01\/cropped-visifair-logo-1.png","contentUrl":"https:\/\/www.visitrans.com\/wp-content\/uploads\/2021\/01\/cropped-visifair-logo-1.png","width":458,"height":80,"caption":"VisiFair.com"},"image":{"@id":"https:\/\/www.visitrans.com\/#\/schema\/logo\/image\/"}},{"@type":"Person","@id":"https:\/\/www.visitrans.com\/#\/schema\/person\/352e568f92b9c3b72557180274539426","name":"wp-support@ims.de","sameAs":["https:\/\/www.visitrans.com"],"url":"https:\/\/www.visitrans.com\/en\/author\/wp-supportims-de\/"}]}},"_links":{"self":[{"href":"https:\/\/www.visitrans.com\/en\/wp-json\/wp\/v2\/posts\/154","targetHints":{"allow":["GET"]}}],"collection":[{"href":"https:\/\/www.visitrans.com\/en\/wp-json\/wp\/v2\/posts"}],"about":[{"href":"https:\/\/www.visitrans.com\/en\/wp-json\/wp\/v2\/types\/post"}],"author":[{"embeddable":true,"href":"https:\/\/www.visitrans.com\/en\/wp-json\/wp\/v2\/users\/1"}],"replies":[{"embeddable":true,"href":"https:\/\/www.visitrans.com\/en\/wp-json\/wp\/v2\/comments?post=154"}],"version-history":[{"count":5,"href":"https:\/\/www.visitrans.com\/en\/wp-json\/wp\/v2\/posts\/154\/revisions"}],"predecessor-version":[{"id":1171,"href":"https:\/\/www.visitrans.com\/en\/wp-json\/wp\/v2\/posts\/154\/revisions\/1171"}],"wp:featuredmedia":[{"embeddable":true,"href":"https:\/\/www.visitrans.com\/en\/wp-json\/wp\/v2\/media\/1101"}],"wp:attachment":[{"href":"https:\/\/www.visitrans.com\/en\/wp-json\/wp\/v2\/media?parent=154"}],"wp:term":[{"taxonomy":"category","embeddable":true,"href":"https:\/\/www.visitrans.com\/en\/wp-json\/wp\/v2\/categories?post=154"},{"taxonomy":"post_tag","embeddable":true,"href":"https:\/\/www.visitrans.com\/en\/wp-json\/wp\/v2\/tags?post=154"}],"curies":[{"name":"wp","href":"https:\/\/api.w.org\/{rel}","templated":true}]}}